{"id":2210,"date":"2023-11-28T19:17:42","date_gmt":"2023-11-28T19:17:42","guid":{"rendered":"https:\/\/kipack.com.br\/?p=2210"},"modified":"2025-01-21T10:56:46","modified_gmt":"2025-01-21T13:56:46","slug":"potes-e-frascos-para-cosmeticos-conheca-o-fabricante-ideal","status":"publish","type":"post","link":"https:\/\/kipack.com.br\/blog\/potes-e-frascos-para-cosmeticos\/potes-e-frascos-para-cosmeticos-conheca-o-fabricante-ideal\/","title":{"rendered":"Potes e frascos para cosm\u00e9ticos: conhe\u00e7a o fabricante ideal"},"content":{"rendered":"<span class=\"rt-reading-time\" style=\"display: block;\"><span class=\"rt-label rt-prefix\">Tempo de leitura:<\/span> <span class=\"rt-time\">2<\/span> <span class=\"rt-label rt-postfix\">minutos<\/span><\/span>\n<p class=\"has-medium-font-size\"><strong><em>A Kipack oferece potes e frascos para cosm\u00e9ticos que aliam design exclusivo, seguran\u00e7a e compromisso com o meio ambiente.<\/em><\/strong><\/p>\n\n\n<p><span style=\"color: initial; font-size: revert;\">Os postes e frascos para cosm\u00e9ticos s\u00e3o acess\u00f3rios extremamente importantes para a seguran\u00e7a durante o transporte e armazenamento de produtos que n\u00e3o podem estar em contato com detritos, \u00e1gua, ou mesmo com a ilumina\u00e7\u00e3o.<\/span><\/p>\n<p><span style=\"font-weight: 400;\">A fabrica\u00e7\u00e3o de potes e frascos para cosm\u00e9ticos \u00e9 um processo complexo que envolve uma s\u00e9rie de etapas, desde a sele\u00e7\u00e3o dos materiais at\u00e9 a aplica\u00e7\u00e3o dos acabamentos. <\/span><\/p>\n<p><span style=\"font-weight: 400;\">Os materiais mais utilizados para a fabrica\u00e7\u00e3o de potes e frascos para cosm\u00e9ticos s\u00e3o o vidro, o pl\u00e1stico e o metal.<\/span><\/p>\n<p><span style=\"font-weight: 400;\">No caso da Kipack, realizamos a fabrica\u00e7\u00e3o de embalagens pl\u00e1sticas, garantindo a leveza, qualidade e seguran\u00e7a do material para as suas mais variadas aplica\u00e7\u00f5es.<\/span><\/p>\n<p><span style=\"font-weight: 400;\">O pl\u00e1stico \u00e9 tamb\u00e9m um material vers\u00e1til, o que permite que seja moldado em diferentes formas e tamanhos.<\/span><\/p>\n<ul>\n<li class=\"entry-title\"><a href=\"https:\/\/kipack.com.br\/blog\/frascos\/frascos-de-cosmeticos-em-sao-paulo-como-escolher-o-fornecedor-ideal\/\" rel=\"bookmark\">Frascos de Cosm\u00e9ticos em S\u00e3o Paulo: Como Escolher o Fornecedor Ideal<\/a><\/li>\n<\/ul>\n<div id=\"ez-toc-container\" class=\"ez-toc-v2_0_62 counter-hierarchy ez-toc-counter ez-toc-grey ez-toc-container-direction\">\n<div class=\"ez-toc-title-container\">\n<p class=\"ez-toc-title \" >T&oacute;picos do artigo<\/p>\n<span class=\"ez-toc-title-toggle\"><a href=\"#\" class=\"ez-toc-pull-right ez-toc-btn ez-toc-btn-xs ez-toc-btn-default ez-toc-toggle\" aria-label=\"Toggle Table of Content\"><span class=\"ez-toc-js-icon-con\"><span class=\"\"><span class=\"eztoc-hide\" style=\"display:none;\">Toggle<\/span><span class=\"ez-toc-icon-toggle-span\"><svg style=\"fill: #999;color:#999\" xmlns=\"http:\/\/www.w3.org\/2000\/svg\" class=\"list-377408\" width=\"20px\" height=\"20px\" viewBox=\"0 0 24 24\" fill=\"none\"><path d=\"M6 6H4v2h2V6zm14 0H8v2h12V6zM4 11h2v2H4v-2zm16 0H8v2h12v-2zM4 16h2v2H4v-2zm16 0H8v2h12v-2z\" fill=\"currentColor\"><\/path><\/svg><svg style=\"fill: #999;color:#999\" class=\"arrow-unsorted-368013\" xmlns=\"http:\/\/www.w3.org\/2000\/svg\" width=\"10px\" height=\"10px\" viewBox=\"0 0 24 24\" version=\"1.2\" baseProfile=\"tiny\"><path d=\"M18.2 9.3l-6.2-6.3-6.2 6.3c-.2.2-.3.4-.3.7s.1.5.3.7c.2.2.4.3.7.3h11c.3 0 .5-.1.7-.3.2-.2.3-.5.3-.7s-.1-.5-.3-.7zM5.8 14.7l6.2 6.3 6.2-6.3c.2-.2.3-.5.3-.7s-.1-.5-.3-.7c-.2-.2-.4-.3-.7-.3h-11c-.3 0-.5.1-.7.3-.2.2-.3.5-.3.7s.1.5.3.7z\"\/><\/svg><\/span><\/span><\/span><\/a><\/span><\/div>\n<nav><ul class='ez-toc-list ez-toc-list-level-1 ' ><li class='ez-toc-page-1 ez-toc-heading-level-2'><a class=\"ez-toc-link ez-toc-heading-1\" href=\"https:\/\/kipack.com.br\/blog\/potes-e-frascos-para-cosmeticos\/potes-e-frascos-para-cosmeticos-conheca-o-fabricante-ideal\/#Por_que_contar_com_um_fabricante_de_potes_e_frascos\" title=\"Por que contar com um fabricante de potes e frascos?\">Por que contar com um fabricante de potes e frascos?<\/a><ul class='ez-toc-list-level-3' ><li class='ez-toc-heading-level-3'><a class=\"ez-toc-link ez-toc-heading-2\" href=\"https:\/\/kipack.com.br\/blog\/potes-e-frascos-para-cosmeticos\/potes-e-frascos-para-cosmeticos-conheca-o-fabricante-ideal\/#As_vantagens_de_contar_com_a_Kipack_como_sua_fabricante_de_potes_e_frascos_cosmeticos\" title=\"As vantagens de contar com a Kipack como sua fabricante de potes e frascos cosm\u00e9ticos\">As vantagens de contar com a Kipack como sua fabricante de potes e frascos cosm\u00e9ticos<\/a><\/li><\/ul><\/li><li class='ez-toc-page-1 ez-toc-heading-level-2'><a class=\"ez-toc-link ez-toc-heading-3\" href=\"https:\/\/kipack.com.br\/blog\/potes-e-frascos-para-cosmeticos\/potes-e-frascos-para-cosmeticos-conheca-o-fabricante-ideal\/#Conheca_mais_sobre_a_Kipack\" title=\"Conhe\u00e7a mais sobre a Kipack\">Conhe\u00e7a mais sobre a Kipack<\/a><ul class='ez-toc-list-level-3' ><li class='ez-toc-heading-level-3'><a class=\"ez-toc-link ez-toc-heading-4\" href=\"https:\/\/kipack.com.br\/blog\/potes-e-frascos-para-cosmeticos\/potes-e-frascos-para-cosmeticos-conheca-o-fabricante-ideal\/#Entre_em_contato_conosco\" title=\"Entre em contato conosco!\">Entre em contato conosco!<\/a><\/li><\/ul><\/li><\/ul><\/nav><\/div>\n<h2><span class=\"ez-toc-section\" id=\"Por_que_contar_com_um_fabricante_de_potes_e_frascos\"><\/span><span style=\"font-weight: 400;\">Por que contar com um fabricante de potes e frascos?<\/span><span class=\"ez-toc-section-end\"><\/span><\/h2>\n<p><span style=\"font-weight: 400;\">Escolher um fabricante de potes e frascos para cosm\u00e9ticos pode garantir grandes vantagens para a sua empresa.<\/span><\/p>\n<p><img decoding=\"async\" class=\"wp-image-2214 alignright lazyload\" data-src=\"https:\/\/kipack.com.br\/wp-content\/uploads\/2023\/11\/Potes-e-frascos-para-cosmeticos1.jpg\" alt=\"\" width=\"242\" height=\"163\" src=\"data:image\/gif;base64,R0lGODlhAQABAAAAACH5BAEKAAEALAAAAAABAAEAAAICTAEAOw==\" style=\"--smush-placeholder-width: 242px; --smush-placeholder-aspect-ratio: 242\/163;\" \/><\/p>\n<p><span style=\"font-weight: 400;\">Com mais de uma d\u00e9cada de atua\u00e7\u00e3o, oferecemos uma ampla variedade de op\u00e7\u00f5es de potes de pl\u00e1stico, fabricados com materiais de alta qualidade e com acabamentos personalizados.<\/span><\/p>\n<p><span style=\"font-weight: 400;\">A Kipack \u00e9 a escolha certa para os fabricantes de cosm\u00e9ticos que buscam qualidade, personaliza\u00e7\u00e3o e sustentabilidade.<\/span><\/p>\n<p><span style=\"font-weight: 400;\">Aqui, oferecemos um atendimento personalizado e um suporte t\u00e9cnico especializado para ajudar os clientes a encontrar a embalagem ideal para seus produtos.<\/span><\/p>\n<h3><span class=\"ez-toc-section\" id=\"As_vantagens_de_contar_com_a_Kipack_como_sua_fabricante_de_potes_e_frascos_cosmeticos\"><\/span><span style=\"font-weight: 400;\">As vantagens de contar com a Kipack como sua fabricante de potes e frascos cosm\u00e9ticos<\/span><span class=\"ez-toc-section-end\"><\/span><\/h3>\n<p><span style=\"font-weight: 400;\">Existem diversas vantagens em escolher a Kipack como a sua fabricante de potes e frascos cosm\u00e9ticos. Primeiramente, oferecemos uma ampla variedade de op\u00e7\u00f5es de personaliza\u00e7\u00e3o, incluindo cores, tamanhos, formatos e acabamentos. <\/span><\/p>\n<p><span style=\"font-weight: 400;\">Isso permite que os fabricantes de cosm\u00e9ticos criem embalagens \u00fanicas e atraentes que se destaquem da concorr\u00eancia.<\/span><\/p>\n<p><span style=\"font-weight: 400;\">Al\u00e9m disso, utilizamos materiais reciclados e recicl\u00e1veis e adotamos pr\u00e1ticas de fabrica\u00e7\u00e3o que reduzem o impacto ambiental, visando manter o m\u00e1ximo de respeito ao meio ambiente com pr\u00e1ticas sustent\u00e1veis.<\/span><\/p>\n<ul>\n<li class=\"entry-title\"><a href=\"https:\/\/kipack.com.br\/blog\/tampas-plasticas\/tampa-catraca-o-que-e-e-quais-sao-suas-aplicacoes\/\" rel=\"bookmark\">Tampa catraca: o que \u00e9 e quais s\u00e3o suas aplica\u00e7\u00f5es?<\/a><\/li>\n<\/ul>\n<h2><span class=\"ez-toc-section\" id=\"Conheca_mais_sobre_a_Kipack\"><\/span><span style=\"font-weight: 400;\">Conhe\u00e7a mais sobre a Kipack<\/span><span class=\"ez-toc-section-end\"><\/span><\/h2>\n<p><span style=\"font-weight: 400;\">A Kipack est\u00e1 h\u00e1 10 anos no mercado, especializada na fabrica\u00e7\u00e3o de embalagens pl\u00e1sticas para os segmentos de Constru\u00e7\u00e3o Civil e Cosm\u00e9ticos.<\/span><\/p>\n<p><span style=\"font-weight: 400;\">Localizada no munic\u00edpio de Tabo\u00e3o da Serra (SP), a Kipack possui uma excelente estrutura no segmento de inje\u00e7\u00e3o pl\u00e1stica e sopro, em parceria com a empresa Primor Embalagens.<\/span><\/p>\n<p><span style=\"font-weight: 400;\">Contando com uma excelente infraestrutura, temos a capacidade de atender clientes de todo o territ\u00f3rio brasileiro, oferecendo sempre os melhores potes e frascos para cosm\u00e9ticos.<\/span><\/p>\n<h3><span class=\"ez-toc-section\" id=\"Entre_em_contato_conosco\"><\/span><span style=\"font-weight: 400;\">Entre em contato conosco!<\/span><span class=\"ez-toc-section-end\"><\/span><\/h3>\n<p><span style=\"font-weight: 400;\">N\u00e3o perca mais tempo procurando por outra fabricante de potes e frascos para cosm\u00e9ticos!<\/span><\/p>\n<p><a href=\"https:\/\/kipack.com.br\/contato\/\" target=\"_blank\" rel=\"noopener\"><span style=\"font-weight: 400;\">Entre em contato<\/span><\/a><span style=\"font-weight: 400;\"> conosco por meio dos nossos canais de comunica\u00e7\u00e3o e se surpreenda com tudo o que podemos oferecer para voc\u00ea.<\/span><\/p>\n<p><span style=\"font-weight: 400;\">Gostou desse conte\u00fado? Acesse nosso <\/span><a href=\"https:\/\/kipack.com.br\/blog\/\" target=\"_blank\" rel=\"noopener\"><span style=\"font-weight: 400;\">blog<\/span><\/a><span style=\"font-weight: 400;\"> e leia mais artigos como esse!<\/span><\/p>\n<ul>\n<li class=\"entry-title\"><a href=\"https:\/\/kipack.com.br\/blog\/cascasil\/vantagens-do-cascasil-que-tornam-seus-projetos-mais-sustentaveis-e-economicos\/\" rel=\"bookmark\">Vantagens do cascasil que tornam seus projetos mais sustent\u00e1veis e econ\u00f4micos<\/a><\/li>\n<\/ul>","protected":false},"excerpt":{"rendered":"<p><span class=\"rt-reading-time\" style=\"display: block;\"><span class=\"rt-label rt-prefix\">Tempo de leitura:<\/span> <span class=\"rt-time\">2<\/span> <span class=\"rt-label rt-postfix\">minutos<\/span><\/span> A Kipack oferece potes e frascos para cosm\u00e9ticos que aliam design exclusivo, seguran\u00e7a e compromisso com o meio ambiente. Os postes e frascos para cosm\u00e9ticos s\u00e3o acess\u00f3rios extremamente importantes para a seguran\u00e7a durante o transporte e armazenamento de produtos que n\u00e3o podem estar em contato com detritos, \u00e1gua, ou mesmo com a ilumina\u00e7\u00e3o. A fabrica\u00e7\u00e3o &hellip; <\/p>\n","protected":false},"author":1,"featured_media":2551,"comment_status":"open","ping_status":"open","sticky":false,"template":"","format":"standard","meta":{"footnotes":""},"categories":[367],"tags":[330,331,332,333,334,335,336,337,338,339,340,341,342,343,344,345,346,347,348,349,350,351,352,353,354,355,356,357,358,359,360,361,362,363,364,365,366,368,369,370,371,372,373,374,375,376,377,378,379,380,381,382,383,384,385,386,387,388,389,390,391,392,393],"class_list":["post-2210","post","type-post","status-publish","format-standard","has-post-thumbnail","hentry","category-potes-e-frascos-para-cosmeticos","tag-comprar-frascos-para-cosmeticos","tag-comprar-potes-e-frascos-para-cosmeticos","tag-comprar-potes-para-cosmeticos","tag-distribuidor-de-frascos-para-cosmeticos","tag-distribuidor-de-potes-e-frascos-para-cosmeticos","tag-distribuidor-de-potes-para-cosmeticos","tag-distribuidora-de-frascos-para-cosmeticos","tag-distribuidora-de-potes-e-frascos-para-cosmeticos","tag-distribuidora-de-potes-para-cosmeticos","tag-empresa-de-frascos-para-cosmeticos","tag-empresa-de-potes-e-frascos-para-cosmeticos","tag-empresa-de-potes-para-cosmeticos","tag-fabrica-de-frascos-para-cosmeticos","tag-fabrica-de-potes-e-frascos-para-cosmeticos","tag-fabrica-de-potes-para-cosmeticos","tag-fabricante-de-frascos-para-cosmeticos","tag-fabricante-de-potes-e-frascos-para-cosmeticos","tag-fabricante-de-potes-para-cosmeticos","tag-fornecedor-de-frascos-para-cosmeticos","tag-fornecedor-de-potes-e-frascos-para-cosmeticos","tag-fornecedor-de-potes-para-cosmeticos","tag-frascos-para-cosmeticos-direto-da-fabrica","tag-frascos-para-cosmeticos-em-embu-das-artes","tag-frascos-para-cosmeticos-em-interlagos","tag-frascos-para-cosmeticos-em-promocao","tag-frascos-para-cosmeticos-em-santo-amaro","tag-frascos-para-cosmeticos-em-sao-paulo","tag-frascos-para-cosmeticos-em-sp","tag-frascos-para-cosmeticos-em-taboao-da-serra","tag-frascos-para-cosmeticos-na-zona-sul","tag-frascos-para-cosmeticos-no-capao-redondo","tag-frascos-para-cosmeticos-perto-de-mim","tag-frascos-para-cosmeticos-preco","tag-frascos-para-cosmeticos-proximo-a-mim","tag-onde-encontrar-frascos-para-cosmeticos","tag-onde-encontrar-potes-e-frascos-para-cosmeticos","tag-onde-encontrar-potes-para-cosmeticos","tag-potes-e-frascos-para-cosmeticos-direto-da-fabrica","tag-potes-e-frascos-para-cosmeticos-em-embu-das-artes","tag-potes-e-frascos-para-cosmeticos-em-interlagos","tag-potes-e-frascos-para-cosmeticos-em-promocao","tag-potes-e-frascos-para-cosmeticos-em-santo-amaro","tag-potes-e-frascos-para-cosmeticos-em-sao-paulo","tag-potes-e-frascos-para-cosmeticos-em-sp","tag-potes-e-frascos-para-cosmeticos-em-taboao-da-serra","tag-potes-e-frascos-para-cosmeticos-na-zona-sul","tag-potes-e-frascos-para-cosmeticos-no-capao-redondo","tag-potes-e-frascos-para-cosmeticos-perto-de-mim","tag-potes-e-frascos-para-cosmeticos-preco","tag-potes-e-frascos-para-cosmeticos-proximo-a-mim","tag-potes-para-cosmeticos-direto-da-fabrica","tag-potes-para-cosmeticos-em-embu-das-artes","tag-potes-para-cosmeticos-em-interlagos","tag-potes-para-cosmeticos-em-promocao","tag-potes-para-cosmeticos-em-santo-amaro","tag-potes-para-cosmeticos-em-sao-paulo","tag-potes-para-cosmeticos-em-sp","tag-potes-para-cosmeticos-em-taboao-da-serra","tag-potes-para-cosmeticos-na-zona-sul","tag-potes-para-cosmeticos-no-capao-redondo","tag-potes-para-cosmeticos-perto-de-mim","tag-potes-para-cosmeticos-preco","tag-potes-para-cosmeticos-proximo-a-mim","latest_post"],"yoast_head":"<!-- This site is optimized with the Yoast SEO plugin v21.9.1 - https:\/\/yoast.com\/wordpress\/plugins\/seo\/ -->\n<title>Potes e frascos para cosm\u00e9ticos: conhe\u00e7a o fabricante ideal - Kipack<\/title>\n<meta name=\"description\" content=\"Descubra por que os potes e frascos para cosm\u00e9ticos da Kipack s\u00e3o a melhor escolha em qualidade, personaliza\u00e7\u00e3o e sustentabilidade.\" \/>\n<meta name=\"robots\" content=\"index, follow, max-snippet:-1, max-image-preview:large, max-video-preview:-1\" \/>\n<link rel=\"canonical\" href=\"https:\/\/kipack.com.br\/blog\/potes-e-frascos-para-cosmeticos\/potes-e-frascos-para-cosmeticos-conheca-o-fabricante-ideal\/\" \/>\n<meta property=\"og:locale\" content=\"pt_BR\" \/>\n<meta property=\"og:type\" content=\"article\" \/>\n<meta property=\"og:title\" content=\"Potes e frascos para cosm\u00e9ticos: conhe\u00e7a o fabricante ideal - Kipack\" \/>\n<meta property=\"og:description\" content=\"Descubra por que os potes e frascos para cosm\u00e9ticos da Kipack s\u00e3o a melhor escolha em qualidade, personaliza\u00e7\u00e3o e sustentabilidade.\" \/>\n<meta property=\"og:url\" content=\"https:\/\/kipack.com.br\/blog\/potes-e-frascos-para-cosmeticos\/potes-e-frascos-para-cosmeticos-conheca-o-fabricante-ideal\/\" \/>\n<meta property=\"og:site_name\" content=\"Kipack\" \/>\n<meta property=\"article:published_time\" content=\"2023-11-28T19:17:42+00:00\" \/>\n<meta property=\"article:modified_time\" content=\"2025-01-21T13:56:46+00:00\" \/>\n<meta property=\"og:image\" content=\"https:\/\/kipack.com.br\/blog\/wp-content\/uploads\/2023\/11\/pote-soprado-150g.jpg\" \/>\n\t<meta property=\"og:image:width\" content=\"1080\" \/>\n\t<meta property=\"og:image:height\" content=\"1080\" \/>\n\t<meta property=\"og:image:type\" content=\"image\/jpeg\" \/>\n<meta name=\"author\" content=\"Klip\" \/>\n<meta name=\"twitter:card\" content=\"summary_large_image\" \/>\n<meta name=\"twitter:label1\" content=\"Escrito por\" \/>\n\t<meta name=\"twitter:data1\" content=\"Klip\" \/>\n\t<meta name=\"twitter:label2\" content=\"Est. tempo de leitura\" \/>\n\t<meta name=\"twitter:data2\" content=\"4 minutos\" \/>\n<script type=\"application\/ld+json\" class=\"yoast-schema-graph\">{\"@context\":\"https:\/\/schema.org\",\"@graph\":[{\"@type\":\"Article\",\"@id\":\"https:\/\/kipack.com.br\/blog\/potes-e-frascos-para-cosmeticos\/potes-e-frascos-para-cosmeticos-conheca-o-fabricante-ideal\/#article\",\"isPartOf\":{\"@id\":\"https:\/\/kipack.com.br\/blog\/potes-e-frascos-para-cosmeticos\/potes-e-frascos-para-cosmeticos-conheca-o-fabricante-ideal\/\"},\"author\":{\"name\":\"Klip\",\"@id\":\"https:\/\/kipack.com.br\/blog\/#\/schema\/person\/0d699c58489bbeec369aeff626c00f51\"},\"headline\":\"Potes e frascos para cosm\u00e9ticos: conhe\u00e7a o fabricante ideal\",\"datePublished\":\"2023-11-28T19:17:42+00:00\",\"dateModified\":\"2025-01-21T13:56:46+00:00\",\"mainEntityOfPage\":{\"@id\":\"https:\/\/kipack.com.br\/blog\/potes-e-frascos-para-cosmeticos\/potes-e-frascos-para-cosmeticos-conheca-o-fabricante-ideal\/\"},\"wordCount\":565,\"commentCount\":0,\"publisher\":{\"@id\":\"https:\/\/kipack.com.br\/blog\/#organization\"},\"keywords\":[\"Comprar Frascos para cosm\u00e9ticos\",\"Comprar Potes e frascos para cosm\u00e9ticos\",\"Comprar Potes para cosm\u00e9ticos\",\"Distribuidor de Frascos para cosm\u00e9ticos\",\"Distribuidor de Potes e frascos para cosm\u00e9ticos\",\"Distribuidor de Potes para cosm\u00e9ticos\",\"Distribuidora de Frascos para cosm\u00e9ticos\",\"Distribuidora de Potes e frascos para cosm\u00e9ticos\",\"Distribuidora de Potes para cosm\u00e9ticos\",\"Empresa de Frascos para cosm\u00e9ticos\",\"Empresa de Potes e frascos para cosm\u00e9ticos\",\"Empresa de Potes para cosm\u00e9ticos\",\"F\u00e1brica de Frascos para cosm\u00e9ticos\",\"F\u00e1brica de Potes e frascos para cosm\u00e9ticos\",\"F\u00e1brica de Potes para cosm\u00e9ticos\",\"Fabricante de Frascos para cosm\u00e9ticos\",\"Fabricante de Potes e frascos para cosm\u00e9ticos\",\"Fabricante de Potes para cosm\u00e9ticos\",\"Fornecedor de Frascos para cosm\u00e9ticos\",\"Fornecedor de Potes e frascos para cosm\u00e9ticos\",\"Fornecedor de Potes para cosm\u00e9ticos\",\"Frascos para cosm\u00e9ticos direto da f\u00e1brica\",\"Frascos para cosm\u00e9ticos em Embu das Artes\",\"Frascos para cosm\u00e9ticos em Interlagos\",\"Frascos para cosm\u00e9ticos em promo\u00e7\u00e3o\",\"Frascos para cosm\u00e9ticos em Santo Amaro\",\"Frascos para cosm\u00e9ticos em S\u00e3o Paulo\",\"Frascos para cosm\u00e9ticos em SP\",\"Frascos para cosm\u00e9ticos em Tabo\u00e3o da Serra\",\"Frascos para cosm\u00e9ticos na zona sul\",\"Frascos para cosm\u00e9ticos no Cap\u00e3o Redondo\",\"Frascos para cosm\u00e9ticos perto de mim\",\"Frascos para cosm\u00e9ticos pre\u00e7o\",\"Frascos para cosm\u00e9ticos pr\u00f3ximo a mim\",\"Onde encontrar Frascos para cosm\u00e9ticos\",\"Onde encontrar Potes e frascos para cosm\u00e9ticos\",\"Onde encontrar Potes para cosm\u00e9ticos\",\"Potes e frascos para cosm\u00e9ticos direto da f\u00e1brica\",\"Potes e frascos para cosm\u00e9ticos em Embu das Artes\",\"Potes e frascos para cosm\u00e9ticos em Interlagos\",\"Potes e frascos para cosm\u00e9ticos em promo\u00e7\u00e3o\",\"Potes e frascos para cosm\u00e9ticos em Santo Amaro\",\"Potes e frascos para cosm\u00e9ticos em S\u00e3o Paulo\",\"Potes e frascos para cosm\u00e9ticos em SP\",\"Potes e frascos para cosm\u00e9ticos em Tabo\u00e3o da Serra\",\"Potes e frascos para cosm\u00e9ticos na zona sul\",\"Potes e frascos para cosm\u00e9ticos no Cap\u00e3o Redondo\",\"Potes e frascos para cosm\u00e9ticos perto de mim\",\"Potes e frascos para cosm\u00e9ticos pre\u00e7o\",\"Potes e frascos para cosm\u00e9ticos pr\u00f3ximo a mim\",\"Potes para cosm\u00e9ticos direto da f\u00e1brica\",\"Potes para cosm\u00e9ticos em Embu das Artes\",\"Potes para cosm\u00e9ticos em Interlagos\",\"Potes para cosm\u00e9ticos em promo\u00e7\u00e3o\",\"Potes para cosm\u00e9ticos em Santo Amaro\",\"Potes para cosm\u00e9ticos em S\u00e3o Paulo\",\"Potes para cosm\u00e9ticos em SP\",\"Potes para cosm\u00e9ticos em Tabo\u00e3o da Serra\",\"Potes para cosm\u00e9ticos na zona sul\",\"Potes para cosm\u00e9ticos no Cap\u00e3o Redondo\",\"Potes para cosm\u00e9ticos perto de mim\",\"Potes para cosm\u00e9ticos pre\u00e7o\",\"Potes para cosm\u00e9ticos pr\u00f3ximo a mim\"],\"articleSection\":[\"Potes e frascos para cosm\u00e9ticos\"],\"inLanguage\":\"pt-BR\",\"potentialAction\":[{\"@type\":\"CommentAction\",\"name\":\"Comment\",\"target\":[\"https:\/\/kipack.com.br\/blog\/potes-e-frascos-para-cosmeticos\/potes-e-frascos-para-cosmeticos-conheca-o-fabricante-ideal\/#respond\"]}]},{\"@type\":\"WebPage\",\"@id\":\"https:\/\/kipack.com.br\/blog\/potes-e-frascos-para-cosmeticos\/potes-e-frascos-para-cosmeticos-conheca-o-fabricante-ideal\/\",\"url\":\"https:\/\/kipack.com.br\/blog\/potes-e-frascos-para-cosmeticos\/potes-e-frascos-para-cosmeticos-conheca-o-fabricante-ideal\/\",\"name\":\"Potes e frascos para cosm\u00e9ticos: conhe\u00e7a o fabricante ideal - Kipack\",\"isPartOf\":{\"@id\":\"https:\/\/kipack.com.br\/blog\/#website\"},\"datePublished\":\"2023-11-28T19:17:42+00:00\",\"dateModified\":\"2025-01-21T13:56:46+00:00\",\"description\":\"Descubra por que os potes e frascos para cosm\u00e9ticos da Kipack s\u00e3o a melhor escolha em qualidade, personaliza\u00e7\u00e3o e sustentabilidade.\",\"breadcrumb\":{\"@id\":\"https:\/\/kipack.com.br\/blog\/potes-e-frascos-para-cosmeticos\/potes-e-frascos-para-cosmeticos-conheca-o-fabricante-ideal\/#breadcrumb\"},\"inLanguage\":\"pt-BR\",\"potentialAction\":[{\"@type\":\"ReadAction\",\"target\":[\"https:\/\/kipack.com.br\/blog\/potes-e-frascos-para-cosmeticos\/potes-e-frascos-para-cosmeticos-conheca-o-fabricante-ideal\/\"]}]},{\"@type\":\"BreadcrumbList\",\"@id\":\"https:\/\/kipack.com.br\/blog\/potes-e-frascos-para-cosmeticos\/potes-e-frascos-para-cosmeticos-conheca-o-fabricante-ideal\/#breadcrumb\",\"itemListElement\":[{\"@type\":\"ListItem\",\"position\":1,\"name\":\"In\u00edcio\",\"item\":\"https:\/\/kipack.com.br\/blog\/\"},{\"@type\":\"ListItem\",\"position\":2,\"name\":\"Potes e frascos para cosm\u00e9ticos: conhe\u00e7a o fabricante ideal\"}]},{\"@type\":\"WebSite\",\"@id\":\"https:\/\/kipack.com.br\/blog\/#website\",\"url\":\"https:\/\/kipack.com.br\/blog\/\",\"name\":\"Kipack\",\"description\":\"Kipack - Blog\",\"publisher\":{\"@id\":\"https:\/\/kipack.com.br\/blog\/#organization\"},\"potentialAction\":[{\"@type\":\"SearchAction\",\"target\":{\"@type\":\"EntryPoint\",\"urlTemplate\":\"https:\/\/kipack.com.br\/blog\/?s={search_term_string}\"},\"query-input\":\"required name=search_term_string\"}],\"inLanguage\":\"pt-BR\"},{\"@type\":\"Organization\",\"@id\":\"https:\/\/kipack.com.br\/blog\/#organization\",\"name\":\"Kipack\",\"url\":\"https:\/\/kipack.com.br\/blog\/\",\"logo\":{\"@type\":\"ImageObject\",\"inLanguage\":\"pt-BR\",\"@id\":\"https:\/\/kipack.com.br\/blog\/#\/schema\/logo\/image\/\",\"url\":\"https:\/\/kipack.com.br\/blog\/wp-content\/uploads\/2024\/02\/logo.png\",\"contentUrl\":\"https:\/\/kipack.com.br\/blog\/wp-content\/uploads\/2024\/02\/logo.png\",\"width\":400,\"height\":160,\"caption\":\"Kipack\"},\"image\":{\"@id\":\"https:\/\/kipack.com.br\/blog\/#\/schema\/logo\/image\/\"}},{\"@type\":\"Person\",\"@id\":\"https:\/\/kipack.com.br\/blog\/#\/schema\/person\/0d699c58489bbeec369aeff626c00f51\",\"name\":\"Klip\",\"image\":{\"@type\":\"ImageObject\",\"inLanguage\":\"pt-BR\",\"@id\":\"https:\/\/kipack.com.br\/blog\/#\/schema\/person\/image\/\",\"url\":\"https:\/\/secure.gravatar.com\/avatar\/3813f53848958b8842eeafda91666185a90010f65ed554379b78794cde6f234a?s=96&d=mm&r=g\",\"contentUrl\":\"https:\/\/secure.gravatar.com\/avatar\/3813f53848958b8842eeafda91666185a90010f65ed554379b78794cde6f234a?s=96&d=mm&r=g\",\"caption\":\"Klip\"},\"sameAs\":[\"https:\/\/kipack.com.br\/blog\"],\"url\":\"https:\/\/kipack.com.br\/blog\/author\/klip\/\"}]}<\/script>\n<!-- \/ Yoast SEO plugin. -->","yoast_head_json":{"title":"Potes e frascos para cosm\u00e9ticos: conhe\u00e7a o fabricante ideal - Kipack","description":"Descubra por que os potes e frascos para cosm\u00e9ticos da Kipack s\u00e3o a melhor escolha em qualidade, personaliza\u00e7\u00e3o e sustentabilidade.","robots":{"index":"index","follow":"follow","max-snippet":"max-snippet:-1","max-image-preview":"max-image-preview:large","max-video-preview":"max-video-preview:-1"},"canonical":"https:\/\/kipack.com.br\/blog\/potes-e-frascos-para-cosmeticos\/potes-e-frascos-para-cosmeticos-conheca-o-fabricante-ideal\/","og_locale":"pt_BR","og_type":"article","og_title":"Potes e frascos para cosm\u00e9ticos: conhe\u00e7a o fabricante ideal - Kipack","og_description":"Descubra por que os potes e frascos para cosm\u00e9ticos da Kipack s\u00e3o a melhor escolha em qualidade, personaliza\u00e7\u00e3o e sustentabilidade.","og_url":"https:\/\/kipack.com.br\/blog\/potes-e-frascos-para-cosmeticos\/potes-e-frascos-para-cosmeticos-conheca-o-fabricante-ideal\/","og_site_name":"Kipack","article_published_time":"2023-11-28T19:17:42+00:00","article_modified_time":"2025-01-21T13:56:46+00:00","og_image":[{"width":1080,"height":1080,"url":"https:\/\/kipack.com.br\/blog\/wp-content\/uploads\/2023\/11\/pote-soprado-150g.jpg","type":"image\/jpeg"}],"author":"Klip","twitter_card":"summary_large_image","twitter_misc":{"Escrito por":"Klip","Est. tempo de leitura":"4 minutos"},"schema":{"@context":"https:\/\/schema.org","@graph":[{"@type":"Article","@id":"https:\/\/kipack.com.br\/blog\/potes-e-frascos-para-cosmeticos\/potes-e-frascos-para-cosmeticos-conheca-o-fabricante-ideal\/#article","isPartOf":{"@id":"https:\/\/kipack.com.br\/blog\/potes-e-frascos-para-cosmeticos\/potes-e-frascos-para-cosmeticos-conheca-o-fabricante-ideal\/"},"author":{"name":"Klip","@id":"https:\/\/kipack.com.br\/blog\/#\/schema\/person\/0d699c58489bbeec369aeff626c00f51"},"headline":"Potes e frascos para cosm\u00e9ticos: conhe\u00e7a o fabricante ideal","datePublished":"2023-11-28T19:17:42+00:00","dateModified":"2025-01-21T13:56:46+00:00","mainEntityOfPage":{"@id":"https:\/\/kipack.com.br\/blog\/potes-e-frascos-para-cosmeticos\/potes-e-frascos-para-cosmeticos-conheca-o-fabricante-ideal\/"},"wordCount":565,"commentCount":0,"publisher":{"@id":"https:\/\/kipack.com.br\/blog\/#organization"},"keywords":["Comprar Frascos para cosm\u00e9ticos","Comprar Potes e frascos para cosm\u00e9ticos","Comprar Potes para cosm\u00e9ticos","Distribuidor de Frascos para cosm\u00e9ticos","Distribuidor de Potes e frascos para cosm\u00e9ticos","Distribuidor de Potes para cosm\u00e9ticos","Distribuidora de Frascos para cosm\u00e9ticos","Distribuidora de Potes e frascos para cosm\u00e9ticos","Distribuidora de Potes para cosm\u00e9ticos","Empresa de Frascos para cosm\u00e9ticos","Empresa de Potes e frascos para cosm\u00e9ticos","Empresa de Potes para cosm\u00e9ticos","F\u00e1brica de Frascos para cosm\u00e9ticos","F\u00e1brica de Potes e frascos para cosm\u00e9ticos","F\u00e1brica de Potes para cosm\u00e9ticos","Fabricante de Frascos para cosm\u00e9ticos","Fabricante de Potes e frascos para cosm\u00e9ticos","Fabricante de Potes para cosm\u00e9ticos","Fornecedor de Frascos para cosm\u00e9ticos","Fornecedor de Potes e frascos para cosm\u00e9ticos","Fornecedor de Potes para cosm\u00e9ticos","Frascos para cosm\u00e9ticos direto da f\u00e1brica","Frascos para cosm\u00e9ticos em Embu das Artes","Frascos para cosm\u00e9ticos em Interlagos","Frascos para cosm\u00e9ticos em promo\u00e7\u00e3o","Frascos para cosm\u00e9ticos em Santo Amaro","Frascos para cosm\u00e9ticos em S\u00e3o Paulo","Frascos para cosm\u00e9ticos em SP","Frascos para cosm\u00e9ticos em Tabo\u00e3o da Serra","Frascos para cosm\u00e9ticos na zona sul","Frascos para cosm\u00e9ticos no Cap\u00e3o Redondo","Frascos para cosm\u00e9ticos perto de mim","Frascos para cosm\u00e9ticos pre\u00e7o","Frascos para cosm\u00e9ticos pr\u00f3ximo a mim","Onde encontrar Frascos para cosm\u00e9ticos","Onde encontrar Potes e frascos para cosm\u00e9ticos","Onde encontrar Potes para cosm\u00e9ticos","Potes e frascos para cosm\u00e9ticos direto da f\u00e1brica","Potes e frascos para cosm\u00e9ticos em Embu das Artes","Potes e frascos para cosm\u00e9ticos em Interlagos","Potes e frascos para cosm\u00e9ticos em promo\u00e7\u00e3o","Potes e frascos para cosm\u00e9ticos em Santo Amaro","Potes e frascos para cosm\u00e9ticos em S\u00e3o Paulo","Potes e frascos para cosm\u00e9ticos em SP","Potes e frascos para cosm\u00e9ticos em Tabo\u00e3o da Serra","Potes e frascos para cosm\u00e9ticos na zona sul","Potes e frascos para cosm\u00e9ticos no Cap\u00e3o Redondo","Potes e frascos para cosm\u00e9ticos perto de mim","Potes e frascos para cosm\u00e9ticos pre\u00e7o","Potes e frascos para cosm\u00e9ticos pr\u00f3ximo a mim","Potes para cosm\u00e9ticos direto da f\u00e1brica","Potes para cosm\u00e9ticos em Embu das Artes","Potes para cosm\u00e9ticos em Interlagos","Potes para cosm\u00e9ticos em promo\u00e7\u00e3o","Potes para cosm\u00e9ticos em Santo Amaro","Potes para cosm\u00e9ticos em S\u00e3o Paulo","Potes para cosm\u00e9ticos em SP","Potes para cosm\u00e9ticos em Tabo\u00e3o da Serra","Potes para cosm\u00e9ticos na zona sul","Potes para cosm\u00e9ticos no Cap\u00e3o Redondo","Potes para cosm\u00e9ticos perto de mim","Potes para cosm\u00e9ticos pre\u00e7o","Potes para cosm\u00e9ticos pr\u00f3ximo a mim"],"articleSection":["Potes e frascos para cosm\u00e9ticos"],"inLanguage":"pt-BR","potentialAction":[{"@type":"CommentAction","name":"Comment","target":["https:\/\/kipack.com.br\/blog\/potes-e-frascos-para-cosmeticos\/potes-e-frascos-para-cosmeticos-conheca-o-fabricante-ideal\/#respond"]}]},{"@type":"WebPage","@id":"https:\/\/kipack.com.br\/blog\/potes-e-frascos-para-cosmeticos\/potes-e-frascos-para-cosmeticos-conheca-o-fabricante-ideal\/","url":"https:\/\/kipack.com.br\/blog\/potes-e-frascos-para-cosmeticos\/potes-e-frascos-para-cosmeticos-conheca-o-fabricante-ideal\/","name":"Potes e frascos para cosm\u00e9ticos: conhe\u00e7a o fabricante ideal - Kipack","isPartOf":{"@id":"https:\/\/kipack.com.br\/blog\/#website"},"datePublished":"2023-11-28T19:17:42+00:00","dateModified":"2025-01-21T13:56:46+00:00","description":"Descubra por que os potes e frascos para cosm\u00e9ticos da Kipack s\u00e3o a melhor escolha em qualidade, personaliza\u00e7\u00e3o e sustentabilidade.","breadcrumb":{"@id":"https:\/\/kipack.com.br\/blog\/potes-e-frascos-para-cosmeticos\/potes-e-frascos-para-cosmeticos-conheca-o-fabricante-ideal\/#breadcrumb"},"inLanguage":"pt-BR","potentialAction":[{"@type":"ReadAction","target":["https:\/\/kipack.com.br\/blog\/potes-e-frascos-para-cosmeticos\/potes-e-frascos-para-cosmeticos-conheca-o-fabricante-ideal\/"]}]},{"@type":"BreadcrumbList","@id":"https:\/\/kipack.com.br\/blog\/potes-e-frascos-para-cosmeticos\/potes-e-frascos-para-cosmeticos-conheca-o-fabricante-ideal\/#breadcrumb","itemListElement":[{"@type":"ListItem","position":1,"name":"In\u00edcio","item":"https:\/\/kipack.com.br\/blog\/"},{"@type":"ListItem","position":2,"name":"Potes e frascos para cosm\u00e9ticos: conhe\u00e7a o fabricante ideal"}]},{"@type":"WebSite","@id":"https:\/\/kipack.com.br\/blog\/#website","url":"https:\/\/kipack.com.br\/blog\/","name":"Kipack","description":"Kipack - Blog","publisher":{"@id":"https:\/\/kipack.com.br\/blog\/#organization"},"potentialAction":[{"@type":"SearchAction","target":{"@type":"EntryPoint","urlTemplate":"https:\/\/kipack.com.br\/blog\/?s={search_term_string}"},"query-input":"required name=search_term_string"}],"inLanguage":"pt-BR"},{"@type":"Organization","@id":"https:\/\/kipack.com.br\/blog\/#organization","name":"Kipack","url":"https:\/\/kipack.com.br\/blog\/","logo":{"@type":"ImageObject","inLanguage":"pt-BR","@id":"https:\/\/kipack.com.br\/blog\/#\/schema\/logo\/image\/","url":"https:\/\/kipack.com.br\/blog\/wp-content\/uploads\/2024\/02\/logo.png","contentUrl":"https:\/\/kipack.com.br\/blog\/wp-content\/uploads\/2024\/02\/logo.png","width":400,"height":160,"caption":"Kipack"},"image":{"@id":"https:\/\/kipack.com.br\/blog\/#\/schema\/logo\/image\/"}},{"@type":"Person","@id":"https:\/\/kipack.com.br\/blog\/#\/schema\/person\/0d699c58489bbeec369aeff626c00f51","name":"Klip","image":{"@type":"ImageObject","inLanguage":"pt-BR","@id":"https:\/\/kipack.com.br\/blog\/#\/schema\/person\/image\/","url":"https:\/\/secure.gravatar.com\/avatar\/3813f53848958b8842eeafda91666185a90010f65ed554379b78794cde6f234a?s=96&d=mm&r=g","contentUrl":"https:\/\/secure.gravatar.com\/avatar\/3813f53848958b8842eeafda91666185a90010f65ed554379b78794cde6f234a?s=96&d=mm&r=g","caption":"Klip"},"sameAs":["https:\/\/kipack.com.br\/blog"],"url":"https:\/\/kipack.com.br\/blog\/author\/klip\/"}]}},"_links":{"self":[{"href":"https:\/\/kipack.com.br\/blog\/wp-json\/wp\/v2\/posts\/2210","targetHints":{"allow":["GET"]}}],"collection":[{"href":"https:\/\/kipack.com.br\/blog\/wp-json\/wp\/v2\/posts"}],"about":[{"href":"https:\/\/kipack.com.br\/blog\/wp-json\/wp\/v2\/types\/post"}],"author":[{"embeddable":true,"href":"https:\/\/kipack.com.br\/blog\/wp-json\/wp\/v2\/users\/1"}],"replies":[{"embeddable":true,"href":"https:\/\/kipack.com.br\/blog\/wp-json\/wp\/v2\/comments?post=2210"}],"version-history":[{"count":3,"href":"https:\/\/kipack.com.br\/blog\/wp-json\/wp\/v2\/posts\/2210\/revisions"}],"predecessor-version":[{"id":2842,"href":"https:\/\/kipack.com.br\/blog\/wp-json\/wp\/v2\/posts\/2210\/revisions\/2842"}],"wp:featuredmedia":[{"embeddable":true,"href":"https:\/\/kipack.com.br\/blog\/wp-json\/wp\/v2\/media\/2551"}],"wp:attachment":[{"href":"https:\/\/kipack.com.br\/blog\/wp-json\/wp\/v2\/media?parent=2210"}],"wp:term":[{"taxonomy":"category","embeddable":true,"href":"https:\/\/kipack.com.br\/blog\/wp-json\/wp\/v2\/categories?post=2210"},{"taxonomy":"post_tag","embeddable":true,"href":"https:\/\/kipack.com.br\/blog\/wp-json\/wp\/v2\/tags?post=2210"}],"curies":[{"name":"wp","href":"https:\/\/api.w.org\/{rel}","templated":true}]}}